{"id":794,"date":"2022-02-10T23:27:33","date_gmt":"2022-02-10T23:27:33","guid":{"rendered":"http:\/\/t-raumkonzept.eu\/?p=794"},"modified":"2025-03-29T15:55:06","modified_gmt":"2025-03-29T15:55:06","slug":"neuer-artikel-ueber-t-raumkonzept-bei-homify-2-2-2-2","status":"publish","type":"post","link":"http:\/\/t-raumkonzept.eu\/?p=794","title":{"rendered":"Ein umfangreiches Projekt wurde abgeschlossen"},"content":{"rendered":"\n<p>Der altersgerechte Komplettumbau eines Einfamilienhauses ist fertiggestellt und erleichtert unseren Kunden von nun an den Alltag. Im Erdgeschoss wurde jeder Raum umgestaltet und in seiner Funktion optimal den Kundenbed\u00fcrfnissen angepasst. Der Tagesablauf wurde hier genau analysiert, um die perfekte Raumaufteilung zu ermitteln. Barrieren und Stauraummangel wurden beseitigt, bei den verwendeten Materialien wurde darauf geachtet alles sehr pflegeleicht auszuf\u00fchren. Die Farbgestaltung wurde mit den Kunden erarbeitet und somit genau nach Ihrem Geschmack umgesetzt. Das Beleuchtungskonzept und die Dekorationsvorschl\u00e4ge haben das Projekt vervollst\u00e4ndigt und lassen die Kunden t\u00e4glich erfreuen.<\/p>\n\n\n\n<p>Hier nun das abschlie\u00dfende Kundenfeedback:<\/p>\n\n\n\n<p><em>&#8222;Hallo Frau G\u00e4rtner,<\/em><\/p>\n\n\n\n<p><em>heute habe ich sie mir nochmal angesehen, die Fotos vorher und nachher. Einfach toll, was aus unserer Wohnung geworden ist. Das haben wir Ihnen zu verdanken. Es wird sich auch immer noch was ver\u00e4ndern, was von Ihnen angesto\u00dfen wurde. Wir m\u00f6chten nochmals HERZLICHEN DANK sagen und w\u00fcnschen Ihnen viele herausfordernde Projekte. Liebe Gr\u00fc\u00dfe&#8220;<\/em><\/p>\n","protected":false},"excerpt":{"rendered":"<p>Der altersgerechte Komplettumbau eines Einfamilienhauses ist fertiggestellt und erleichtert unseren Kunden von nun an den Alltag. Im Erdgeschoss wurde jeder Raum umgestaltet und in seiner Funktion<span class=\"excerpt-hellip\"> [\u2026]<\/span><\/p>\n","protected":false},"author":1,"featured_media":711,"comment_status":"open","ping_status":"open","sticky":false,"template":"","format":"standard","meta":{"footnotes":""},"categories":[5],"tags":[15,13],"class_list":["post-794","post","type-post","status-publish","format-standard","has-post-thumbnail","hentry","category-neuigkeiten","tag-privat","tag-projektabschluss"],"_links":{"self":[{"href":"http:\/\/t-raumkonzept.eu\/index.php?rest_route=\/wp\/v2\/posts\/794","targetHints":{"allow":["GET"]}}],"collection":[{"href":"http:\/\/t-raumkonzept.eu\/index.php?rest_route=\/wp\/v2\/posts"}],"about":[{"href":"http:\/\/t-raumkonzept.eu\/index.php?rest_route=\/wp\/v2\/types\/post"}],"author":[{"embeddable":true,"href":"http:\/\/t-raumkonzept.eu\/index.php?rest_route=\/wp\/v2\/users\/1"}],"replies":[{"embeddable":true,"href":"http:\/\/t-raumkonzept.eu\/index.php?rest_route=%2Fwp%2Fv2%2Fcomments&post=794"}],"version-history":[{"count":2,"href":"http:\/\/t-raumkonzept.eu\/index.php?rest_route=\/wp\/v2\/posts\/794\/revisions"}],"predecessor-version":[{"id":796,"href":"http:\/\/t-raumkonzept.eu\/index.php?rest_route=\/wp\/v2\/posts\/794\/revisions\/796"}],"wp:featuredmedia":[{"embeddable":true,"href":"http:\/\/t-raumkonzept.eu\/index.php?rest_route=\/wp\/v2\/media\/711"}],"wp:attachment":[{"href":"http:\/\/t-raumkonzept.eu\/index.php?rest_route=%2Fwp%2Fv2%2Fmedia&parent=794"}],"wp:term":[{"taxonomy":"category","embeddable":true,"href":"http:\/\/t-raumkonzept.eu\/index.php?rest_route=%2Fwp%2Fv2%2Fcategories&post=794"},{"taxonomy":"post_tag","embeddable":true,"href":"http:\/\/t-raumkonzept.eu\/index.php?rest_route=%2Fwp%2Fv2%2Ftags&post=794"}],"curies":[{"name":"wp","href":"https:\/\/api.w.org\/{rel}","templated":true}]}}