{"id":565,"date":"2020-04-30T22:30:14","date_gmt":"2020-04-30T22:30:14","guid":{"rendered":"http:\/\/t-raumkonzept.eu\/?p=565"},"modified":"2020-05-07T22:58:53","modified_gmt":"2020-05-07T22:58:53","slug":"neuer-artikel-ueber-t-raumkonzept-bei-homify-2-2-2","status":"publish","type":"post","link":"http:\/\/t-raumkonzept.eu\/?p=565","title":{"rendered":"+++ Jetzt auch Online Beratung! +++"},"content":{"rendered":"\n<p>Denn wer plant wohnt sch\u00f6ner!<br><br>Lassen Sie uns per Videochat \u00fcber Ihre Einrichtungsw\u00fcnsche sprechen:<\/p>\n\n\n\n<ul class=\"wp-block-list\"><li>Sie m\u00f6chten einen Raum umgestalten und besser auf Ihre jetzigen Bed\u00fcrfnisse anpassen<\/li><li>Sie sind schon komplett eingerichtet \u2013 das gewisse Etwas fehlt aber noch<\/li><li>Sie w\u00fcnschen sich eine komplett neue Einrichtung und ben\u00f6tigen Ideen<\/li><\/ul>\n\n\n\n<p>Sie k\u00f6nnen ganz einfach \u00fcber Jitsi, Zoom oder Skype mit mir in Kontakt treten. Ich berate Sie online, gebe Ihnen Tipps zur Raumaufteilung, der Farbgestaltung oder einem komplett neuen Look. Ich m\u00f6chte, dass Sie sich in Ihrer Wohnung wohlf\u00fchlen. Zufriedenheit garantiert!<\/p>\n","protected":false},"excerpt":{"rendered":"<p>Denn wer plant wohnt sch\u00f6ner! Lassen Sie uns per Videochat \u00fcber Ihre Einrichtungsw\u00fcnsche sprechen: Sie m\u00f6chten einen Raum umgestalten und besser auf Ihre jetzigen Bed\u00fcrfnisse anpassen<span class=\"excerpt-hellip\"> [\u2026]<\/span><\/p>\n","protected":false},"author":1,"featured_media":645,"comment_status":"open","ping_status":"open","sticky":false,"template":"","format":"standard","meta":{"footnotes":""},"categories":[5],"tags":[],"class_list":["post-565","post","type-post","status-publish","format-standard","has-post-thumbnail","hentry","category-neuigkeiten"],"_links":{"self":[{"href":"http:\/\/t-raumkonzept.eu\/index.php?rest_route=\/wp\/v2\/posts\/565","targetHints":{"allow":["GET"]}}],"collection":[{"href":"http:\/\/t-raumkonzept.eu\/index.php?rest_route=\/wp\/v2\/posts"}],"about":[{"href":"http:\/\/t-raumkonzept.eu\/index.php?rest_route=\/wp\/v2\/types\/post"}],"author":[{"embeddable":true,"href":"http:\/\/t-raumkonzept.eu\/index.php?rest_route=\/wp\/v2\/users\/1"}],"replies":[{"embeddable":true,"href":"http:\/\/t-raumkonzept.eu\/index.php?rest_route=%2Fwp%2Fv2%2Fcomments&post=565"}],"version-history":[{"count":12,"href":"http:\/\/t-raumkonzept.eu\/index.php?rest_route=\/wp\/v2\/posts\/565\/revisions"}],"predecessor-version":[{"id":616,"href":"http:\/\/t-raumkonzept.eu\/index.php?rest_route=\/wp\/v2\/posts\/565\/revisions\/616"}],"wp:featuredmedia":[{"embeddable":true,"href":"http:\/\/t-raumkonzept.eu\/index.php?rest_route=\/wp\/v2\/media\/645"}],"wp:attachment":[{"href":"http:\/\/t-raumkonzept.eu\/index.php?rest_route=%2Fwp%2Fv2%2Fmedia&parent=565"}],"wp:term":[{"taxonomy":"category","embeddable":true,"href":"http:\/\/t-raumkonzept.eu\/index.php?rest_route=%2Fwp%2Fv2%2Fcategories&post=565"},{"taxonomy":"post_tag","embeddable":true,"href":"http:\/\/t-raumkonzept.eu\/index.php?rest_route=%2Fwp%2Fv2%2Ftags&post=565"}],"curies":[{"name":"wp","href":"https:\/\/api.w.org\/{rel}","templated":true}]}}