{"id":1356,"date":"2026-01-18T12:10:37","date_gmt":"2026-01-18T12:10:37","guid":{"rendered":"https:\/\/t-raumkonzept.eu\/?p=1356"},"modified":"2026-01-19T08:35:11","modified_gmt":"2026-01-19T08:35:11","slug":"ein-badezimmer-wird-altersgerecht-umgebaut-2-2-3","status":"publish","type":"post","link":"http:\/\/t-raumkonzept.eu\/?p=1356","title":{"rendered":"Er\u00f6ffnung der Lungenarztpraxis Dr. Selbig"},"content":{"rendered":"\n<p>Die Lungenarztpraxis von Dr. Dirk Selbig musste in Ansbach umziehen. Das Gestaltungskonzept f\u00fcr die neuen R\u00e4umlichkeiten wurde von T-raumKONZEPT entwickelt. Dank der guten Zusammenarbeit mit den beteiligten Handwerksbetrieben und der termingerechten Umsetzung konnten die Bauma\u00dfnahmen planm\u00e4\u00dfig abgeschlossen und die neuen Praxisr\u00e4ume p\u00fcnktlich zum Jahresanfang er\u00f6ffnet werden.<\/p>\n\n\n\n<p>Entstanden ist eine einladende Praxis, in der sich das Corporate Identity widerspiegelt und die zugleich die Kompetenz von Dr. Selbig unterstreicht. Wir bedanken uns herzlich f\u00fcr diesen sch\u00f6nen Auftrag und w\u00fcnschen der Praxis viele zufriedene Patienten.<\/p>\n\n\n\n<p><a href=\"http:\/\/t-raumkonzept.eu\/?page_id=1352\">&gt;&gt;&gt; mehr Bilder ansehen &lt;&lt;&lt;<\/a><\/p>\n\n\n\n<p><em>Hier geht es zur Google-Bewertung von Dr. Dirk Selbig:\u00a0<\/em><br><em><a href=\"https:\/\/share.google\/Dx7cZqi0to1ieBzst\" target=\"_blank\" rel=\"noreferrer noopener\">https:\/\/share.google\/Dx7cZqi0to1ieBzst<\/a><\/em><\/p>\n","protected":false},"excerpt":{"rendered":"<p>Die Lungenarztpraxis von Dr. Dirk Selbig musste in Ansbach umziehen. Das Gestaltungskonzept f\u00fcr die neuen R\u00e4umlichkeiten wurde von T-raumKONZEPT entwickelt. Dank der guten Zusammenarbeit mit den<span class=\"excerpt-hellip\"> [\u2026]<\/span><\/p>\n","protected":false},"author":1,"featured_media":1335,"comment_status":"open","ping_status":"open","sticky":false,"template":"","format":"standard","meta":{"footnotes":""},"categories":[5],"tags":[14,13],"class_list":["post-1356","post","type-post","status-publish","format-standard","has-post-thumbnail","hentry","category-neuigkeiten","tag-gewerblich","tag-projektabschluss"],"_links":{"self":[{"href":"http:\/\/t-raumkonzept.eu\/index.php?rest_route=\/wp\/v2\/posts\/1356","targetHints":{"allow":["GET"]}}],"collection":[{"href":"http:\/\/t-raumkonzept.eu\/index.php?rest_route=\/wp\/v2\/posts"}],"about":[{"href":"http:\/\/t-raumkonzept.eu\/index.php?rest_route=\/wp\/v2\/types\/post"}],"author":[{"embeddable":true,"href":"http:\/\/t-raumkonzept.eu\/index.php?rest_route=\/wp\/v2\/users\/1"}],"replies":[{"embeddable":true,"href":"http:\/\/t-raumkonzept.eu\/index.php?rest_route=%2Fwp%2Fv2%2Fcomments&post=1356"}],"version-history":[{"count":4,"href":"http:\/\/t-raumkonzept.eu\/index.php?rest_route=\/wp\/v2\/posts\/1356\/revisions"}],"predecessor-version":[{"id":1360,"href":"http:\/\/t-raumkonzept.eu\/index.php?rest_route=\/wp\/v2\/posts\/1356\/revisions\/1360"}],"wp:featuredmedia":[{"embeddable":true,"href":"http:\/\/t-raumkonzept.eu\/index.php?rest_route=\/wp\/v2\/media\/1335"}],"wp:attachment":[{"href":"http:\/\/t-raumkonzept.eu\/index.php?rest_route=%2Fwp%2Fv2%2Fmedia&parent=1356"}],"wp:term":[{"taxonomy":"category","embeddable":true,"href":"http:\/\/t-raumkonzept.eu\/index.php?rest_route=%2Fwp%2Fv2%2Fcategories&post=1356"},{"taxonomy":"post_tag","embeddable":true,"href":"http:\/\/t-raumkonzept.eu\/index.php?rest_route=%2Fwp%2Fv2%2Ftags&post=1356"}],"curies":[{"name":"wp","href":"https:\/\/api.w.org\/{rel}","templated":true}]}}