{"id":1318,"date":"2025-12-27T15:33:22","date_gmt":"2025-12-27T15:33:22","guid":{"rendered":"https:\/\/t-raumkonzept.eu\/?p=1318"},"modified":"2025-12-27T15:39:43","modified_gmt":"2025-12-27T15:39:43","slug":"ein-badezimmer-wird-altersgerecht-umgebaut-2-2-2","status":"publish","type":"post","link":"http:\/\/t-raumkonzept.eu\/?p=1318","title":{"rendered":"Kleine Wohlf\u00fchloase mit Dachschr\u00e4ge"},"content":{"rendered":"\n<p>Auch unter dem Dach kann ein Wohlf\u00fchlbad entstehen. Das sehr in die Jahre gekommene Badezimmer erstrahlt nun in neuem Glanz und \u00fcberzeugt durch sein ausgefeiltes Raumkonzept, das eine zus\u00e4tzliche Dusche erm\u00f6glichte. Die geschickt platzierte Badewannen-Vormauerung ist mit den schwarzen Fliesen und der beleuchteten Nische ein echtes Highlight.<\/p>\n\n\n\n<p>Der neue Doppelwaschtisch erlaubt eine ungest\u00f6rte Nutzung und bietet gro\u00dfz\u00fcgigen Stauraum. Erg\u00e4nzt wird er durch einen passenden Schrank in der Dachschr\u00e4ge, der sp\u00e4ter auch einer Waschmaschine Platz bieten kann. Hinter der neu geschaffenen Abtrennung f\u00fcr den Waschtisch wurde zudem ein gro\u00dfes Regal integriert, das weiteren wertvollen Stauraum schafft.<\/p>\n\n\n\n<p><a href=\"http:\/\/t-raumkonzept.eu\/?page_id=1315\">>>> mehr Bilder ansehen &lt;&lt;&lt;<\/a><\/p>\n","protected":false},"excerpt":{"rendered":"<p>Auch unter dem Dach kann ein Wohlf\u00fchlbad entstehen. Das sehr in die Jahre gekommene Badezimmer erstrahlt nun in neuem Glanz und \u00fcberzeugt durch sein ausgefeiltes Raumkonzept,<span class=\"excerpt-hellip\"> [\u2026]<\/span><\/p>\n","protected":false},"author":1,"featured_media":1319,"comment_status":"open","ping_status":"open","sticky":false,"template":"","format":"standard","meta":{"footnotes":""},"categories":[5],"tags":[15,13],"class_list":["post-1318","post","type-post","status-publish","format-standard","has-post-thumbnail","hentry","category-neuigkeiten","tag-privat","tag-projektabschluss"],"_links":{"self":[{"href":"http:\/\/t-raumkonzept.eu\/index.php?rest_route=\/wp\/v2\/posts\/1318","targetHints":{"allow":["GET"]}}],"collection":[{"href":"http:\/\/t-raumkonzept.eu\/index.php?rest_route=\/wp\/v2\/posts"}],"about":[{"href":"http:\/\/t-raumkonzept.eu\/index.php?rest_route=\/wp\/v2\/types\/post"}],"author":[{"embeddable":true,"href":"http:\/\/t-raumkonzept.eu\/index.php?rest_route=\/wp\/v2\/users\/1"}],"replies":[{"embeddable":true,"href":"http:\/\/t-raumkonzept.eu\/index.php?rest_route=%2Fwp%2Fv2%2Fcomments&post=1318"}],"version-history":[{"count":1,"href":"http:\/\/t-raumkonzept.eu\/index.php?rest_route=\/wp\/v2\/posts\/1318\/revisions"}],"predecessor-version":[{"id":1320,"href":"http:\/\/t-raumkonzept.eu\/index.php?rest_route=\/wp\/v2\/posts\/1318\/revisions\/1320"}],"wp:featuredmedia":[{"embeddable":true,"href":"http:\/\/t-raumkonzept.eu\/index.php?rest_route=\/wp\/v2\/media\/1319"}],"wp:attachment":[{"href":"http:\/\/t-raumkonzept.eu\/index.php?rest_route=%2Fwp%2Fv2%2Fmedia&parent=1318"}],"wp:term":[{"taxonomy":"category","embeddable":true,"href":"http:\/\/t-raumkonzept.eu\/index.php?rest_route=%2Fwp%2Fv2%2Fcategories&post=1318"},{"taxonomy":"post_tag","embeddable":true,"href":"http:\/\/t-raumkonzept.eu\/index.php?rest_route=%2Fwp%2Fv2%2Ftags&post=1318"}],"curies":[{"name":"wp","href":"https:\/\/api.w.org\/{rel}","templated":true}]}}