{"id":1104,"date":"2024-09-28T13:04:16","date_gmt":"2024-09-28T13:04:16","guid":{"rendered":"http:\/\/t-raumkonzept.eu\/?p=1104"},"modified":"2025-01-02T11:11:05","modified_gmt":"2025-01-02T11:11:05","slug":"ein-badezimmer-wird-altersgerecht-umgebaut","status":"publish","type":"post","link":"http:\/\/t-raumkonzept.eu\/?p=1104","title":{"rendered":"Ein Badezimmer wird altersgerecht umgebaut"},"content":{"rendered":"\n<p>Das kleine Badezimmer ist von der nichtgenutzten Badewanne befreit worden und erhielt daf\u00fcr einen gro\u00dfen Waschtisch der viel Stauraum bietet und gleichzeitig von zwei Personen genutzt werden kann. Die ebenerdige Dusche, ein gro\u00dfer H\u00e4ngeschrank mit W\u00e4schekipper, sowie die verbreiterte Eingangst\u00fcr sorgen nun zus\u00e4tzlich f\u00fcr neuen Komfort. Im kompletten Badezimmer wurde eine Fu\u00dfbodenheizung eingebaut und als Raumtrenner ein Handtuch-Heizk\u00f6rper vorgesehen, der gleichzeitig auch Sichtschutz f\u00fcr das WC ist.<\/p>\n\n\n\n<p>Die ausgew\u00e4hlten Bodenfliesen in Holzoptik sowie die Holzabdeckungen auf den Vormauerungen verleihen diesem Raum eine gem\u00fctliche Atmosph\u00e4re und passen perfekt zu den ausgew\u00e4hlten salbeifarbenen Glas-Wandfliesen. Technische Highlights wie die Infrarot-Waschtischarmaturen und der Spiegelschrank mit umlaufender und indirekter Beleuchtung komplettieren das neue Badezimmer.<\/p>\n\n\n\n<p><a href=\"http:\/\/t-raumkonzept.eu\/?page_id=1198\">>>> mehr Bilder ansehen &lt;&lt;&lt;<\/a><\/p>\n","protected":false},"excerpt":{"rendered":"<p>Das kleine Badezimmer ist von der nichtgenutzten Badewanne befreit worden und erhielt daf\u00fcr einen gro\u00dfen Waschtisch der viel Stauraum bietet und gleichzeitig von zwei Personen genutzt<span class=\"excerpt-hellip\"> [\u2026]<\/span><\/p>\n","protected":false},"author":1,"featured_media":1105,"comment_status":"open","ping_status":"open","sticky":false,"template":"","format":"standard","meta":{"footnotes":""},"categories":[5],"tags":[],"class_list":["post-1104","post","type-post","status-publish","format-standard","has-post-thumbnail","hentry","category-neuigkeiten"],"_links":{"self":[{"href":"http:\/\/t-raumkonzept.eu\/index.php?rest_route=\/wp\/v2\/posts\/1104","targetHints":{"allow":["GET"]}}],"collection":[{"href":"http:\/\/t-raumkonzept.eu\/index.php?rest_route=\/wp\/v2\/posts"}],"about":[{"href":"http:\/\/t-raumkonzept.eu\/index.php?rest_route=\/wp\/v2\/types\/post"}],"author":[{"embeddable":true,"href":"http:\/\/t-raumkonzept.eu\/index.php?rest_route=\/wp\/v2\/users\/1"}],"replies":[{"embeddable":true,"href":"http:\/\/t-raumkonzept.eu\/index.php?rest_route=%2Fwp%2Fv2%2Fcomments&post=1104"}],"version-history":[{"count":2,"href":"http:\/\/t-raumkonzept.eu\/index.php?rest_route=\/wp\/v2\/posts\/1104\/revisions"}],"predecessor-version":[{"id":1203,"href":"http:\/\/t-raumkonzept.eu\/index.php?rest_route=\/wp\/v2\/posts\/1104\/revisions\/1203"}],"wp:featuredmedia":[{"embeddable":true,"href":"http:\/\/t-raumkonzept.eu\/index.php?rest_route=\/wp\/v2\/media\/1105"}],"wp:attachment":[{"href":"http:\/\/t-raumkonzept.eu\/index.php?rest_route=%2Fwp%2Fv2%2Fmedia&parent=1104"}],"wp:term":[{"taxonomy":"category","embeddable":true,"href":"http:\/\/t-raumkonzept.eu\/index.php?rest_route=%2Fwp%2Fv2%2Fcategories&post=1104"},{"taxonomy":"post_tag","embeddable":true,"href":"http:\/\/t-raumkonzept.eu\/index.php?rest_route=%2Fwp%2Fv2%2Ftags&post=1104"}],"curies":[{"name":"wp","href":"https:\/\/api.w.org\/{rel}","templated":true}]}}